{"id":480,"date":"2024-08-01T12:44:56","date_gmt":"2024-08-01T12:44:56","guid":{"rendered":"https:\/\/zebbugheritagetrail.com\/the-archpriests-house\/"},"modified":"2025-05-13T15:25:18","modified_gmt":"2025-05-13T15:25:18","slug":"the-archpriests-house","status":"publish","type":"post","link":"https:\/\/zebbugheritagetrail.com\/en\/the-archpriests-house\/","title":{"rendered":"The Archpriest\u2019s House"},"content":{"rendered":"\n<p>Historically known as the <em>Canonica<\/em>, the Archpriest\u2019s House or Id-Dar tal-Ar\u010bipriet, is the official residence of the parish priest of \u017bebbu\u0121. The house garden originally stretched from \u0120oma Street with the house fa\u00e7ade on Church Street and with the side entrance facing Point Street, now named Dun Fran\u0121isk Vella Street, after the original owner of the house. <br>The building\u2019s history is intimately woven with that of the parish, having originally been \u2013 as just stated &#8211; the family house and garden of Rev. Francesco Vella (1662-1743), the first parish priest of \u017bebbu\u0121.  &nbsp;<\/p>\n\n\n\n<p>Vella was one of the most prominent 18th century figures in Gozo. This is proved by the fact that his biography was included by the great Gozitan historian Can. G. P. De Soldanis in his manuscript <em>Gozo Antico e Modern, Sacro e Profano<\/em> (1746). As the Acts of Notary Aloysius Cremona of 3rd August 1739 show, Rev. Vella bequeathed the house to the parish. <\/p>\n\n\n\n<p>The library, presumably contained within the same house was bequeathed to the Archives of the Capuchin Monastery in Floriana. The house was bequeathed on condition that the Feasts of the Holy Name of Jesus and of the Holy Spirit had to be celebrated on an annual basis. &nbsp;<\/p>\n\n\n\n<p>The successors of Parish Priest Vella resided in the house against a payment of a ground rent. On 28th May 1923, Bishop Giovanni Camilleri granted permission to the parish of \u017bebbu\u0121 to use a deposit of \u00a3100 deposited in the Anglo-Maltese Bank for the building of the first floor of the parish house. As stated in a correspondence by parish priest Rev. Michel Angelo Cauchi to Bishop Michael Gonzi dated 1st January 1928, it seems that the project as completed by 1924. The same letter, an original copy of which is found in the archives of Ri\u0127 id-Deheb Historic House, gives detailed information about the extension of the house including the opening of two windows, presumably those located in the ground floor and about the workers who were employed to do the building works and finish the project.    &nbsp;<\/p>\n\n\n\n<p>The parish office, which also includes the parish archives, was built during the office of Parish Priest Mgr. Aloysius Vella in 1975. An in-dept research in those archives has been carried out by historian Prof. Horatio C. R. Vella (1952-&nbsp;&nbsp;&nbsp; ), a resident of \u017bebbu\u0121. Soon after the establishment of St. Mary Band Society, Archpriest Vella started paving the way to the transfer of the garden area to the same society in order to build its club. This materialized under Archpriest Can. Noel Saliba who was instructed to lease the area by Bishop Mgr. Nicholas Cauchi.    <\/p>\n\n\n\n<figure class=\"wp-block-image size-large is-resized\"><img fetchpriority=\"high\" decoding=\"async\" width=\"1024\" height=\"461\" src=\"https:\/\/zebbugheritagetrail.com\/wp-content\/uploads\/2024\/08\/20240227_163506-1024x461.jpg\" alt=\"\" class=\"wp-image-477\" style=\"object-fit:cover;width:333px;height:200px\" srcset=\"https:\/\/zebbugheritagetrail.com\/wp-content\/uploads\/2024\/08\/20240227_163506-1024x461.jpg 1024w, https:\/\/zebbugheritagetrail.com\/wp-content\/uploads\/2024\/08\/20240227_163506-300x135.jpg 300w, https:\/\/zebbugheritagetrail.com\/wp-content\/uploads\/2024\/08\/20240227_163506-768x346.jpg 768w, https:\/\/zebbugheritagetrail.com\/wp-content\/uploads\/2024\/08\/20240227_163506-1536x691.jpg 1536w, https:\/\/zebbugheritagetrail.com\/wp-content\/uploads\/2024\/08\/20240227_163506-2048x922.jpg 2048w\" sizes=\"(max-width: 1024px) 100vw, 1024px\" \/><\/figure>\n\n\n\n<p>It is presumed that the ground floor of the Parish House goes back to the 17th century. The house\u2019s garage located on Dun Frangisk Vella Street, was originally roofed in the vernacular style with traditional kileb and stone-beams. In 1988 when the parish of \u017bebbu\u0121 celebrated its 300th anniversary, presuming that this was the oldest part of the house of Parish priest Francesco Vella, a special ceremony to commemorate this anniversary was held in it.  <\/p>\n\n\n\n<p>The house still retains its original parapet, decorated with a row of balustrades, a feature that contributes to the elegance of the house. <br>The house was restored between 2007 and 2008 during the office of Parish Priest Rev. Can. Reuben Micallef. Parish Priest Can. John Sultana continued to embellish the house by transferring several pieces of antique furniture and objets d\u2019art from the church collection to the house. <br>   <br><br><strong>Research:<\/strong> Mario Cassar&nbsp;<\/p>\n\n\n\n<p><strong>Copyright: <\/strong>So\u010bjeta\u2019 Banda Santa Marija and \u017bebbu\u0121 Gozo Local Council<\/p>\n\n\n\n<p><strong>Photo credits:<\/strong> Mario Cassar<\/p>\n\n\n\n<p><strong>Acknowledgements<\/strong>: Historical documents about the house are being reproduced by courtesy of <em>Rih id-Deheb Historical House and Natural Grotto<\/em>, \u017bebbu\u0121.<\/p>\n\n\n\n<p>Special thanks to St. Mary Parish, \u017bebbu\u0121 for giving permission to publish photos of the Archpriest&#8217;s House interior.<\/p>\n\n\n    <style>\n        .zebbug-post-gallery {\n            margin-bottom: 50px;\n        }\n        .zebbug-row {\n            display: flex;\n            flex-wrap: wrap;\n            gap: 20px 0;\n            justify-content: space-between;\n        }\n        .zebbug-row > .column {\n            padding: 0 8px;\n        }\n\n        .zebbug-row:after {\n            content: \"\";\n            display: table;\n            clear: both;\n        }\n\n        \/* Create four equal columns that floats next to eachother *\/\n        .column {\n            width: 50%;\n            flex: 0 0 50%;\n        }\n\n        \/* The Modal (background) *\/\n        .modal {\n            display: none;\n            position: fixed;\n            z-index: 1;\n            padding-top: 100px;\n            left: 0;\n            top: 0;\n            width: 100%;\n            height: 100%;\n            overflow: auto;\n            background-color: black;\n        }\n\n        \/* Modal Content *\/\n        .modal-content {\n            display: flex;\n            align-items: center;\n            justify-content: center;\n            height: 80vh;\n            position: relative;\n            background-color: #0B1933;\n            margin: auto;\n            padding: 0;\n            width: 90%;\n            max-width: 1200px;\n        }\n\n        \/* The Close Button *\/\n        .close {\n            color: white;\n            position: absolute;\n            top: 10px;\n            right: 25px;\n            font-size: 35px;\n            font-weight: bold;\n            z-index: 2;\n        }\n\n        .close:hover,\n        .close:focus {\n            color: #999;\n            text-decoration: none;\n            cursor: pointer;\n        }\n\n        \/* Hide the slides by default *\/\n        .mySlides {\n            display: none;\n        }\n\n        \/* Next & previous buttons *\/\n        .prev,\n        .next {\n            cursor: pointer;\n            position: absolute;\n            top: 50%;\n            transform: translate(0,-50%);\n            width: auto;\n            padding: 16px;\n            color: white;\n            font-weight: bold;\n            font-size: 20px;\n            transition: 0.6s ease;\n            border-radius: 0 3px 3px 0;\n            user-select: none;\n            -webkit-user-select: none;\n            background-color: rgba(0,0,0,0.5);\n        }\n\n        \/* Position the \"next button\" to the right *\/\n        .next {\n            right: 0;\n            border-radius: 3px 0 0 3px;\n        }\n\n        \/* On hover, add a black background color with a little bit see-through *\/\n        .prev:hover,\n        .next:hover {\n            background-color: rgba(0, 0, 0, 0.8);\n        }\n\n        .prev{\n            left: 0;\n        }\n\n        \/* Number text (1\/3 etc) *\/\n        .numbertext {\n            color: #f2f2f2;\n            font-size: 12px;\n            padding: 8px 12px;\n            position: absolute;\n            top: 0;\n        }\n\n        \/* Caption text *\/\n        .caption-container {\n            text-align: center;\n            background-color: black;\n            padding: 2px 16px;\n            color: white;\n        }\n\n        img.demo {\n            opacity: 0.6;\n        }\n\n        .active,\n        .demo:hover {\n            opacity: 1;\n        }\n\n        img.hover-shadow {\n            transition: 0.3s;\n        }\n\n        .hover-shadow:hover {\n            box-shadow: 0 4px 8px 0 rgba(0, 0, 0, 0.2), 0 6px 20px 0 rgba(0, 0, 0, 0.19);\n        }\n        .mySlides img {\n            object-fit: contain;\n            max-height: 80vh;\n        }\n        .gallery-image img {\n            height: 100%;\n            object-fit: cover;\n        }\n        @media screen and (max-width:767px) {\n            .close {\n                top: 90px;\n                right: 40px;\n            }\n        }\n    <\/style>\n    <section class=\"zebbug-post-gallery\">\n\n        <!-- Images used to open the lightbox -->\n        <div class=\"zebbug-row zebbug-gallery\">\n                                                <div class=\"column gallery-image\">\n                        <img decoding=\"async\" src=\"https:\/\/zebbugheritagetrail.com\/wp-content\/uploads\/2024\/08\/20240227_163331-scaled.jpg\" onclick=\"openModal();currentSlide(1)\" class=\"hover-shadow\">\n                    <\/div>\n                                    <div class=\"column gallery-image\">\n                        <img decoding=\"async\" src=\"https:\/\/zebbugheritagetrail.com\/wp-content\/uploads\/2024\/08\/20240227_163335-2-scaled.jpg\" onclick=\"openModal();currentSlide(2)\" class=\"hover-shadow\">\n                    <\/div>\n                                    <div class=\"column gallery-image\">\n                        <img decoding=\"async\" src=\"https:\/\/zebbugheritagetrail.com\/wp-content\/uploads\/2024\/08\/20240227_163358-scaled.jpg\" onclick=\"openModal();currentSlide(3)\" class=\"hover-shadow\">\n                    <\/div>\n                                    <div class=\"column gallery-image\">\n                        <img decoding=\"async\" src=\"https:\/\/zebbugheritagetrail.com\/wp-content\/uploads\/2024\/08\/20240227_163506-1-scaled.jpg\" onclick=\"openModal();currentSlide(4)\" class=\"hover-shadow\">\n                    <\/div>\n                                    <div class=\"column gallery-image\">\n                        <img decoding=\"async\" src=\"https:\/\/zebbugheritagetrail.com\/wp-content\/uploads\/2024\/08\/Screenshot_20240218_005346_Gallery.jpg\" onclick=\"openModal();currentSlide(5)\" class=\"hover-shadow\">\n                    <\/div>\n                                    <div class=\"column gallery-image\">\n                        <img decoding=\"async\" src=\"https:\/\/zebbugheritagetrail.com\/wp-content\/uploads\/2024\/08\/Screenshot_20240218_005732_Gallery-1-e1738146622126.jpg\" onclick=\"openModal();currentSlide(6)\" class=\"hover-shadow\">\n                    <\/div>\n                                    <div class=\"column gallery-image\">\n                        <img decoding=\"async\" src=\"https:\/\/zebbugheritagetrail.com\/wp-content\/uploads\/2024\/08\/20240217_100554-1-scaled.jpg\" onclick=\"openModal();currentSlide(7)\" class=\"hover-shadow\">\n                    <\/div>\n                                    <div class=\"column gallery-image\">\n                        <img decoding=\"async\" src=\"https:\/\/zebbugheritagetrail.com\/wp-content\/uploads\/2024\/08\/20240217_100712-scaled.jpg\" onclick=\"openModal();currentSlide(8)\" class=\"hover-shadow\">\n                    <\/div>\n                                    <\/div>\n\n        <!-- The Modal\/Lightbox -->\n        <div id=\"myModal\" class=\"modal\">\n            <span class=\"close cursor\" onclick=\"closeModal()\">&times;<\/span>\n            <div class=\"modal-content\">\n\n                                                            <div class=\"mySlides\">\n                            <div class=\"numbertext\">1 \/ 8<\/div>\n                            <img decoding=\"async\" src=\"https:\/\/zebbugheritagetrail.com\/wp-content\/uploads\/2024\/08\/20240227_163331-scaled.jpg\" style=\"width:100%\">\n                        <\/div>\n                                            <div class=\"mySlides\">\n                            <div class=\"numbertext\">2 \/ 8<\/div>\n                            <img decoding=\"async\" src=\"https:\/\/zebbugheritagetrail.com\/wp-content\/uploads\/2024\/08\/20240227_163335-2-scaled.jpg\" style=\"width:100%\">\n                        <\/div>\n                                            <div class=\"mySlides\">\n                            <div class=\"numbertext\">3 \/ 8<\/div>\n                            <img decoding=\"async\" src=\"https:\/\/zebbugheritagetrail.com\/wp-content\/uploads\/2024\/08\/20240227_163358-scaled.jpg\" style=\"width:100%\">\n                        <\/div>\n                                            <div class=\"mySlides\">\n                            <div class=\"numbertext\">4 \/ 8<\/div>\n                            <img decoding=\"async\" src=\"https:\/\/zebbugheritagetrail.com\/wp-content\/uploads\/2024\/08\/20240227_163506-1-scaled.jpg\" style=\"width:100%\">\n                        <\/div>\n                                            <div class=\"mySlides\">\n                            <div class=\"numbertext\">5 \/ 8<\/div>\n                            <img decoding=\"async\" src=\"https:\/\/zebbugheritagetrail.com\/wp-content\/uploads\/2024\/08\/Screenshot_20240218_005346_Gallery.jpg\" style=\"width:100%\">\n                        <\/div>\n                                            <div class=\"mySlides\">\n                            <div class=\"numbertext\">6 \/ 8<\/div>\n                            <img decoding=\"async\" src=\"https:\/\/zebbugheritagetrail.com\/wp-content\/uploads\/2024\/08\/Screenshot_20240218_005732_Gallery-1-e1738146622126.jpg\" style=\"width:100%\">\n                        <\/div>\n                                            <div class=\"mySlides\">\n                            <div class=\"numbertext\">7 \/ 8<\/div>\n                            <img decoding=\"async\" src=\"https:\/\/zebbugheritagetrail.com\/wp-content\/uploads\/2024\/08\/20240217_100554-1-scaled.jpg\" style=\"width:100%\">\n                        <\/div>\n                                            <div class=\"mySlides\">\n                            <div class=\"numbertext\">8 \/ 8<\/div>\n                            <img decoding=\"async\" src=\"https:\/\/zebbugheritagetrail.com\/wp-content\/uploads\/2024\/08\/20240217_100712-scaled.jpg\" style=\"width:100%\">\n                        <\/div>\n                                    \n                <!-- Next\/previous controls -->\n                <a class=\"prev\" onclick=\"plusSlides(-1)\">&#10094;<\/a>\n                <a class=\"next\" onclick=\"plusSlides(1)\">&#10095;<\/a>\n\n                <!-- Thumbnail image controls -->\n                <!-- <div class=\"zebbug-row\">\n                                                                        <div class=\"column\">\n                                <img decoding=\"async\" class=\"demo\" src=\"\" onclick=\"currentSlide()\" alt=\"Nature\">\n                            <\/div>\n                                                            <\/div> -->\n            <\/div>\n        <\/div>\n    <\/section>\n    <script>\n        \/\/ Open the Modal\n        function openModal() {\n        document.getElementById(\"myModal\").style.display = \"block\";\n        }\n\n        \/\/ Close the Modal\n        function closeModal() {\n        document.getElementById(\"myModal\").style.display = \"none\";\n        }\n\n        var slideIndex = 1;\n        showSlides(slideIndex);\n\n        \/\/ Next\/previous controls\n        function plusSlides(n) {\n        showSlides(slideIndex += n);\n        }\n\n        \/\/ Thumbnail image controls\n        function currentSlide(n) {\n        showSlides(slideIndex = n);\n        }\n\n        function showSlides(n) {\n        var i;\n        var slides = document.getElementsByClassName(\"mySlides\");\n        var dots = document.getElementsByClassName(\"demo\");\n        var captionText = document.getElementById(\"caption\");\n        if (n > slides.length) {slideIndex = 1}\n        if (n < 1) {slideIndex = slides.length}\n        for (i = 0; i < slides.length; i++) {\n            slides[i].style.display = \"none\";\n        }\n        for (i = 0; i < dots.length; i++) {\n            dots[i].className = dots[i].className.replace(\" active\", \"\");\n        }\n        slides[slideIndex-1].style.display = \"block\";\n        dots[slideIndex-1].className += \" active\";\n        captionText.innerHTML = dots[slideIndex-1].alt;\n        }\n    <\/script>\n    ","protected":false},"excerpt":{"rendered":"<p>Historically known as the Canonica, the Archpriest\u2019s House or Id-Dar tal-Ar\u010bipriet, is the official residence of the parish priest of \u017bebbu\u0121. The house garden originally stretched from \u0120oma Street with the house fa\u00e7ade on Church Street and with the side entrance facing Point Street, now named Dun Fran\u0121isk Vella Street, after the original owner of [&hellip;]<\/p>\n","protected":false},"author":1,"featured_media":1822,"comment_status":"closed","ping_status":"closed","sticky":false,"template":"","format":"standard","meta":{"_acf_changed":false,"footnotes":""},"categories":[13],"tags":[],"class_list":["post-480","post","type-post","status-publish","format-standard","has-post-thumbnail","hentry","category-uncategorized"],"acf":[],"_links":{"self":[{"href":"https:\/\/zebbugheritagetrail.com\/en\/wp-json\/wp\/v2\/posts\/480","targetHints":{"allow":["GET"]}}],"collection":[{"href":"https:\/\/zebbugheritagetrail.com\/en\/wp-json\/wp\/v2\/posts"}],"about":[{"href":"https:\/\/zebbugheritagetrail.com\/en\/wp-json\/wp\/v2\/types\/post"}],"author":[{"embeddable":true,"href":"https:\/\/zebbugheritagetrail.com\/en\/wp-json\/wp\/v2\/users\/1"}],"replies":[{"embeddable":true,"href":"https:\/\/zebbugheritagetrail.com\/en\/wp-json\/wp\/v2\/comments?post=480"}],"version-history":[{"count":4,"href":"https:\/\/zebbugheritagetrail.com\/en\/wp-json\/wp\/v2\/posts\/480\/revisions"}],"predecessor-version":[{"id":2137,"href":"https:\/\/zebbugheritagetrail.com\/en\/wp-json\/wp\/v2\/posts\/480\/revisions\/2137"}],"wp:featuredmedia":[{"embeddable":true,"href":"https:\/\/zebbugheritagetrail.com\/en\/wp-json\/wp\/v2\/media\/1822"}],"wp:attachment":[{"href":"https:\/\/zebbugheritagetrail.com\/en\/wp-json\/wp\/v2\/media?parent=480"}],"wp:term":[{"taxonomy":"category","embeddable":true,"href":"https:\/\/zebbugheritagetrail.com\/en\/wp-json\/wp\/v2\/categories?post=480"},{"taxonomy":"post_tag","embeddable":true,"href":"https:\/\/zebbugheritagetrail.com\/en\/wp-json\/wp\/v2\/tags?post=480"}],"curies":[{"name":"wp","href":"https:\/\/api.w.org\/{rel}","templated":true}]}}